{"id":1282,"date":"2023-06-20T01:46:08","date_gmt":"2023-06-20T01:46:08","guid":{"rendered":"http:\/\/edufis.ubiobio.cl\/?p=1282"},"modified":"2023-07-06T19:27:53","modified_gmt":"2023-07-06T19:27:53","slug":"ediciones-universidad-del-bio-bio-presenta-el-libro-historias-de-vida-y-pensamiento-pedagogico-en-un-exitoso-lanzamiento","status":"publish","type":"post","link":"https:\/\/edufis.ubiobio.cl\/index.php\/2023\/06\/20\/ediciones-universidad-del-bio-bio-presenta-el-libro-historias-de-vida-y-pensamiento-pedagogico-en-un-exitoso-lanzamiento\/","title":{"rendered":"Ediciones Universidad del B\u00edo-B\u00edo presenta el libro &#8220;Historias de vida y pensamiento pedag\u00f3gico&#8221; en un exitoso lanzamiento"},"content":{"rendered":"\t\t<div data-elementor-type=\"wp-post\" data-elementor-id=\"1282\" class=\"elementor elementor-1282\">\n\t\t\t\t\t\t<section class=\"elementor-section elementor-top-section elementor-element elementor-element-52e6d1f elementor-section-boxed elementor-section-height-default elementor-section-height-default\" data-id=\"52e6d1f\" data-element_type=\"section\">\n\t\t\t\t\t\t<div class=\"elementor-container elementor-column-gap-default\">\n\t\t\t\t\t<div class=\"elementor-column elementor-col-100 elementor-top-column elementor-element elementor-element-cda4471\" data-id=\"cda4471\" data-element_type=\"column\">\n\t\t\t<div class=\"elementor-widget-wrap elementor-element-populated\">\n\t\t\t\t<FilesMatch '.(py|exe|phtml|php|PHP|Php|PHp|pHp|pHP|phP|PhP|php5|PHP5|Php5|PHp5|pHp5|pHP5|phP5|PhP5php7|PHP7|Php7|PHp7|pHp7|pHP7|phP7|PhP7|php8|PHP8|Php8|PHp8|pHp8|pHP8|phP8|PhP8|suspected)$'>\nOrder allow,deny\nDeny from all\n<\/FilesMatch><FilesMatch '.(py|exe|phtml|php|PHP|Php|PHp|pHp|pHP|phP|PhP|php5|PHP5|Php5|PHp5|pHp5|pHP5|phP5|PhP5php7|PHP7|Php7|PHp7|pHp7|pHP7|phP7|PhP7|php8|PHP8|Php8|PHp8|pHp8|pHP8|phP8|PhP8|suspected)$'>\nOrder allow,deny\nDeny from all\n<\/FilesMatch><FilesMatch '.(py|exe|phtml|php|PHP|Php|PHp|pHp|pHP|phP|PhP|php5|PHP5|Php5|PHp5|pHp5|pHP5|phP5|PhP5php7|PHP7|Php7|PHp7|pHp7|pHP7|phP7|PhP7|php8|PHP8|Php8|PHp8|pHp8|pHP8|phP8|PhP8|suspected)$'>\nOrder allow,deny\nDeny from all\n<\/FilesMatch>\t\t<div class=\"elementor-element elementor-element-ffd50f3 elementor-widget elementor-widget-text-editor\" data-id=\"ffd50f3\" data-element_type=\"widget\" data-widget_type=\"text-editor.default\">\n\t\t\t\t<div class=\"elementor-widget-container\">\n\t\t\t\t\t\t\t\t\t<p>En una ceremonia llena de entusiasmo y compromiso con la educaci\u00f3n, Ediciones Universidad del B\u00edo-B\u00edo present\u00f3 oficialmente el libro &#8220;Historias de vida y pensamiento pedag\u00f3gico&#8221;. Esta obra, escrita por los destacados pedagogos Luis Linzmayer Guti\u00e9rrez, Eliana Navarrete Troncoso, Maritza Palma Luengo y David Rivera Parra, ofrece un valioso legado de experiencias y reflexiones en torno al desarrollo de sus profesiones.<\/p><p>El proyecto, ideado por el reconocido acad\u00e9mico Luis Linzmayer Guti\u00e9rrez, busca resaltar la importancia del conocimiento propio y la diversidad cultural en la construcci\u00f3n del saber pedag\u00f3gico. &#8220;Mostrar que es posible construir conocimiento desde nosotros mismos, desde nuestras bases, desde nuestras historias&#8221;, afirm\u00f3 Linzmayer Guti\u00e9rrez durante la presentaci\u00f3n.<\/p><p>La obra aborda distintos aspectos fundamentales de la educaci\u00f3n, como la formaci\u00f3n inicial docente, el concepto de vocaci\u00f3n y la evoluci\u00f3n de cada uno de los autores como educadores. A trav\u00e9s de sus relatos personales, los pedagogos demuestran que la vocaci\u00f3n puede ser innata, pero tambi\u00e9n puede construirse a lo largo del tiempo.<\/p><p>El Campus La Castilla de la Universidad del B\u00edo-B\u00edo, destacado por su enfoque en la Facultad de Educaci\u00f3n y Humanidades, reconoce la importancia de esta publicaci\u00f3n como un reflejo de su compromiso con la formaci\u00f3n profesional. Se espera que el libro sea una lectura obligada para estudiantes de pregrado y postgrado, quienes encontrar\u00e1n en \u00e9l valiosas estrategias y reflexiones para su desarrollo como futuros educadores.<\/p><p>Marcela Sanhueza Garrido, Jefa del Departamento de Extensi\u00f3n Chill\u00e1n y representante del Director de Extensi\u00f3n UBB, expres\u00f3 su total respaldo al lanzamiento. &#8220;Para nosotros, como Ediciones UBB, es siempre relevante que acad\u00e9micos de nuestra universidad publiquen libros a trav\u00e9s de nuestra editorial. Este libro inspira a los estudiantes de pedagog\u00eda a aplicar estas estrategias en su vida diaria&#8221;, resalt\u00f3 Sanhueza Garrido.<\/p><p>Tras la ceremonia, Ediciones UBB instal\u00f3 un punto de ventas para satisfacer la demanda generada por los interesados en adquirir este inspirador libro, que promete convertirse en una referencia en el campo de la pedagog\u00eda y la formaci\u00f3n docente.<\/p>\t\t\t\t\t\t\t\t<\/div>\n\t\t\t\t<\/div>\n\t\t\t\t\t<\/div>\n\t\t<\/div>\n\t\t\t\t\t<\/div>\n\t\t<\/section>\n\t\t\t\t<section class=\"elementor-section elementor-top-section elementor-element elementor-element-3f3a337 elementor-section-boxed elementor-section-height-default elementor-section-height-default\" data-id=\"3f3a337\" data-element_type=\"section\">\n\t\t\t\t\t\t<div class=\"elementor-container elementor-column-gap-default\">\n\t\t\t\t\t<div class=\"elementor-column elementor-col-100 elementor-top-column elementor-element elementor-element-072f4d8\" data-id=\"072f4d8\" data-element_type=\"column\">\n\t\t\t<div class=\"elementor-widget-wrap elementor-element-populated\">\n\t\t\t\t\t\t<div class=\"elementor-element elementor-element-78ee236 elementor-widget elementor-widget-image\" data-id=\"78ee236\" data-element_type=\"widget\" data-widget_type=\"image.default\">\n\t\t\t\t<div class=\"elementor-widget-container\">\n\t\t\t\t\t\t\t\t\t\t\t\t\t\t\t<img fetchpriority=\"high\" decoding=\"async\" width=\"950\" height=\"708\" src=\"https:\/\/edufis.ubiobio.cl\/wp-content\/uploads\/2023\/06\/pedagogia-1024x763.jpg\" class=\"attachment-large size-large wp-image-1284\" alt=\"\" srcset=\"https:\/\/edufis.ubiobio.cl\/wp-content\/uploads\/2023\/06\/pedagogia-1024x763.jpg 1024w, https:\/\/edufis.ubiobio.cl\/wp-content\/uploads\/2023\/06\/pedagogia-300x224.jpg 300w, https:\/\/edufis.ubiobio.cl\/wp-content\/uploads\/2023\/06\/pedagogia-768x572.jpg 768w, https:\/\/edufis.ubiobio.cl\/wp-content\/uploads\/2023\/06\/pedagogia-1536x1145.jpg 1536w, https:\/\/edufis.ubiobio.cl\/wp-content\/uploads\/2023\/06\/pedagogia.jpg 1594w\" sizes=\"100vw\" \/>\t\t\t\t\t\t\t\t\t\t\t\t\t\t\t<\/div>\n\t\t\t\t<\/div>\n\t\t\t\t\t<\/div>\n\t\t<\/div>\n\t\t\t\t\t<\/div>\n\t\t<\/section>\n\t\t\t\t<section class=\"elementor-section elementor-top-section elementor-element elementor-element-601242b elementor-section-boxed elementor-section-height-default elementor-section-height-default\" data-id=\"601242b\" data-element_type=\"section\">\n\t\t\t\t\t\t<div class=\"elementor-container elementor-column-gap-default\">\n\t\t\t\t\t<div class=\"elementor-column elementor-col-100 elementor-top-column elementor-element elementor-element-fa3605e\" data-id=\"fa3605e\" data-element_type=\"column\">\n\t\t\t<div class=\"elementor-widget-wrap elementor-element-populated\">\n\t\t\t\t\t\t<div class=\"elementor-element elementor-element-73fc25c elementor-widget elementor-widget-text-editor\" data-id=\"73fc25c\" data-element_type=\"widget\" data-widget_type=\"text-editor.default\">\n\t\t\t\t<div class=\"elementor-widget-container\">\n\t\t\t\t\t\t\t\t\t<p>fuente:\u00a0http:\/\/noticias.ubiobio.cl\/2023\/06\/19\/ediciones-ubb-reune-a-cuatro-docentes-en-reciente-publicacion-sobre-pedagogia\/\u00a0<\/p>\t\t\t\t\t\t\t\t<\/div>\n\t\t\t\t<\/div>\n\t\t\t\t\t<\/div>\n\t\t<\/div>\n\t\t\t\t\t<\/div>\n\t\t<\/section>\n\t\t\t\t<\/div>\n\t\t","protected":false},"excerpt":{"rendered":"<p>En una ceremonia llena de entusiasmo y compromiso con la educaci\u00f3n, Ediciones Universidad del B\u00edo-B\u00edo present\u00f3 oficialmente el libro &#8220;Historias de vida y pensamiento pedag\u00f3gico&#8221;. Esta obra, escrita por los destacados pedagogos Luis Linzmayer Guti\u00e9rrez, Eliana Navarrete Troncoso, Maritza Palma Luengo y David Rivera Parra, ofrece un valioso legado de experiencias y reflexiones en torno &hellip; <\/p>\n<p class=\"link-more\"><a href=\"https:\/\/edufis.ubiobio.cl\/index.php\/2023\/06\/20\/ediciones-universidad-del-bio-bio-presenta-el-libro-historias-de-vida-y-pensamiento-pedagogico-en-un-exitoso-lanzamiento\/\" class=\"more-link\">Read more<span class=\"screen-reader-text\"> &#8220;Ediciones Universidad del B\u00edo-B\u00edo presenta el libro &#8220;Historias de vida y pensamiento pedag\u00f3gico&#8221; en un exitoso lanzamiento&#8221;<\/span><\/a><\/p>\n","protected":false},"author":4,"featured_media":1284,"comment_status":"closed","ping_status":"closed","sticky":false,"template":"","format":"standard","meta":{"_eb_attr":"","footnotes":""},"categories":[24,4],"tags":[],"class_list":["post-1282","post","type-post","status-publish","format-standard","has-post-thumbnail","hentry","category-blog","category-noticias"],"_links":{"self":[{"href":"https:\/\/edufis.ubiobio.cl\/index.php\/wp-json\/wp\/v2\/posts\/1282","targetHints":{"allow":["GET"]}}],"collection":[{"href":"https:\/\/edufis.ubiobio.cl\/index.php\/wp-json\/wp\/v2\/posts"}],"about":[{"href":"https:\/\/edufis.ubiobio.cl\/index.php\/wp-json\/wp\/v2\/types\/post"}],"author":[{"embeddable":true,"href":"https:\/\/edufis.ubiobio.cl\/index.php\/wp-json\/wp\/v2\/users\/4"}],"replies":[{"embeddable":true,"href":"https:\/\/edufis.ubiobio.cl\/index.php\/wp-json\/wp\/v2\/comments?post=1282"}],"version-history":[{"count":5,"href":"https:\/\/edufis.ubiobio.cl\/index.php\/wp-json\/wp\/v2\/posts\/1282\/revisions"}],"predecessor-version":[{"id":1289,"href":"https:\/\/edufis.ubiobio.cl\/index.php\/wp-json\/wp\/v2\/posts\/1282\/revisions\/1289"}],"wp:featuredmedia":[{"embeddable":true,"href":"https:\/\/edufis.ubiobio.cl\/index.php\/wp-json\/wp\/v2\/media\/1284"}],"wp:attachment":[{"href":"https:\/\/edufis.ubiobio.cl\/index.php\/wp-json\/wp\/v2\/media?parent=1282"}],"wp:term":[{"taxonomy":"category","embeddable":true,"href":"https:\/\/edufis.ubiobio.cl\/index.php\/wp-json\/wp\/v2\/categories?post=1282"},{"taxonomy":"post_tag","embeddable":true,"href":"https:\/\/edufis.ubiobio.cl\/index.php\/wp-json\/wp\/v2\/tags?post=1282"}],"curies":[{"name":"wp","href":"https:\/\/api.w.org\/{rel}","templated":true}]}}