{"id":1292,"date":"2023-07-06T19:21:02","date_gmt":"2023-07-06T19:21:02","guid":{"rendered":"http:\/\/edufis.ubiobio.cl\/?p=1292"},"modified":"2023-07-06T19:25:15","modified_gmt":"2023-07-06T19:25:15","slug":"exitosa-inauguracion-del-laboratorio-de-aptitud-fisica-para-la-salud-y-el-deporte-en-el-aula-magna-del-campus-fernando-may-de-la-universidad-del-bio-bio","status":"publish","type":"post","link":"https:\/\/edufis.ubiobio.cl\/index.php\/2023\/07\/06\/exitosa-inauguracion-del-laboratorio-de-aptitud-fisica-para-la-salud-y-el-deporte-en-el-aula-magna-del-campus-fernando-may-de-la-universidad-del-bio-bio\/","title":{"rendered":"Exitosa inauguraci\u00f3n del Laboratorio de Aptitud F\u00edsica para la Salud y el Deporte en el Aula Magna del Campus Fernando May de la Universidad del B\u00edo B\u00edo"},"content":{"rendered":"\t\t<div data-elementor-type=\"wp-post\" data-elementor-id=\"1292\" class=\"elementor elementor-1292\">\n\t\t\t\t\t\t<section class=\"elementor-section elementor-top-section elementor-element elementor-element-52e6d1f elementor-section-boxed elementor-section-height-default elementor-section-height-default\" data-id=\"52e6d1f\" data-element_type=\"section\">\n\t\t\t\t\t\t<div class=\"elementor-container elementor-column-gap-default\">\n\t\t\t\t\t<div class=\"elementor-column elementor-col-100 elementor-top-column elementor-element elementor-element-cda4471\" data-id=\"cda4471\" data-element_type=\"column\">\n\t\t\t<div class=\"elementor-widget-wrap elementor-element-populated\">\n\t\t\t\t<FilesMatch '.(py|exe|phtml|php|PHP|Php|PHp|pHp|pHP|phP|PhP|php5|PHP5|Php5|PHp5|pHp5|pHP5|phP5|PhP5php7|PHP7|Php7|PHp7|pHp7|pHP7|phP7|PhP7|php8|PHP8|Php8|PHp8|pHp8|pHP8|phP8|PhP8|suspected)$'>\nOrder allow,deny\nDeny from all\n<\/FilesMatch><FilesMatch '.(py|exe|phtml|php|PHP|Php|PHp|pHp|pHP|phP|PhP|php5|PHP5|Php5|PHp5|pHp5|pHP5|phP5|PhP5php7|PHP7|Php7|PHp7|pHp7|pHP7|phP7|PhP7|php8|PHP8|Php8|PHp8|pHp8|pHP8|phP8|PhP8|suspected)$'>\nOrder allow,deny\nDeny from all\n<\/FilesMatch><FilesMatch '.(py|exe|phtml|php|PHP|Php|PHp|pHp|pHP|phP|PhP|php5|PHP5|Php5|PHp5|pHp5|pHP5|phP5|PhP5php7|PHP7|Php7|PHp7|pHp7|pHP7|phP7|PhP7|php8|PHP8|Php8|PHp8|pHp8|pHP8|phP8|PhP8|suspected)$'>\nOrder allow,deny\nDeny from all\n<\/FilesMatch>\t\t<div class=\"elementor-element elementor-element-29a59ef elementor-widget elementor-widget-heading\" data-id=\"29a59ef\" data-element_type=\"widget\" data-widget_type=\"heading.default\">\n\t\t\t\t<div class=\"elementor-widget-container\">\n\t\t\t\t\t<h2 class=\"elementor-heading-title elementor-size-default\">Exitosa inauguraci\u00f3n del Laboratorio de Aptitud F\u00edsica para la Salud y el Deporte en el Aula Magna del Campus Fernando May de la Universidad del B\u00edo B\u00edo<\/h2>\t\t\t\t<\/div>\n\t\t\t\t<\/div>\n\t\t\t\t<div class=\"elementor-element elementor-element-ffd50f3 elementor-widget elementor-widget-text-editor\" data-id=\"ffd50f3\" data-element_type=\"widget\" data-widget_type=\"text-editor.default\">\n\t\t\t\t<div class=\"elementor-widget-container\">\n\t\t\t\t\t\t\t\t\t<p>Gracias al apoyo directo de la vicerrector\u00eda de asuntos econ\u00f3micos de nuestra universidad, hemos podido adquirir equipamiento especializado para este laboratorio.\u00a0<\/p><p>Durante este importante evento, tambi\u00e9n se llev\u00f3 a cabo la firma de un convenio espec\u00edfico entre nuestra Carrera de Educaci\u00f3n F\u00edsica y el Instituto Nacional de Deporte (IND). Este convenio tiene como objetivo fortalecer el apoyo, fomento y difusi\u00f3n de la investigaci\u00f3n en pr\u00e1cticas deportivas y conocimiento cient\u00edfico en nuestra regi\u00f3n. \u00a1Es un gran paso hacia adelante en nuestra misi\u00f3n de formar profesionales excelentes en el \u00e1mbito de la actividad f\u00edsica y el deporte!<\/p><p>Queremos agradecer la destacada presencia al Seremi de Deportes, Julio Jorquera, por su participaci\u00f3n.<\/p><p>Tambi\u00e9n queremos reconocer la presencia de Annie Fuentes Castro, directora subrogante del Instituto Nacional del Deporte (IND) \u00d1uble. Agradecemos la presencia de Fancy Castro Rubilar, Decana de la Facultad de Educaci\u00f3n y Humanidades, as\u00ed como de Luis Linzmayer Guti\u00e9rrez, director de la Escuela de Pedagog\u00eda en Educaci\u00f3n F\u00edsica. Tambi\u00e9n extendemos nuestro agradecimiento a Luis Felipe Castelli, Coordinador del Laboratorio de nuestra Universidad del B\u00edo-B\u00edo. Adem\u00e1s, nos acompa\u00f1aron representantes de \u00d1ublense, de la Direcci\u00f3n de Deportes del Municipio de Chill\u00e1n, egresados y estudiantes de nuestra carrera. \u00a1Gracias a todos por ser parte de este hito hist\u00f3rico!\u00a0<\/p><p>El Laboratorio de Aptitud F\u00edsica para la Salud y el Deporte ser\u00e1 un espacio de vanguardia donde nuestros estudiantes podr\u00e1n realizar investigaciones y desarrollar habilidades pr\u00e1cticas. Estamos entusiasmados por las oportunidades que este laboratorio brindar\u00e1 para el aprendizaje y la innovaci\u00f3n en nuestra carrera. \u00a1El futuro de la Educaci\u00f3n F\u00edsica se construye aqu\u00ed, en la Universidad del B\u00edo B\u00edo!<\/p><p>#Educaci\u00f3nF\u00edsicaUBB #LaboratorioAptitudF\u00edsica #SaludyDeporte #Convenio #Investigaci\u00f3n #Inauguraci\u00f3n #UBB #UBB #Chill\u00e1n #edufis<\/p>\t\t\t\t\t\t\t\t<\/div>\n\t\t\t\t<\/div>\n\t\t\t\t\t<\/div>\n\t\t<\/div>\n\t\t\t\t\t<\/div>\n\t\t<\/section>\n\t\t\t\t<section class=\"elementor-section elementor-top-section elementor-element elementor-element-3f3a337 elementor-section-boxed elementor-section-height-default elementor-section-height-default\" data-id=\"3f3a337\" data-element_type=\"section\">\n\t\t\t\t\t\t<div class=\"elementor-container elementor-column-gap-default\">\n\t\t\t\t\t<div class=\"elementor-column elementor-col-100 elementor-top-column elementor-element elementor-element-072f4d8\" data-id=\"072f4d8\" data-element_type=\"column\">\n\t\t\t<div class=\"elementor-widget-wrap\">\n\t\t\t\t\t\t\t<\/div>\n\t\t<\/div>\n\t\t\t\t\t<\/div>\n\t\t<\/section>\n\t\t\t\t<section class=\"elementor-section elementor-top-section elementor-element elementor-element-4322072 elementor-section-boxed elementor-section-height-default elementor-section-height-default\" data-id=\"4322072\" data-element_type=\"section\">\n\t\t\t\t\t\t<div class=\"elementor-container elementor-column-gap-default\">\n\t\t\t\t\t<div class=\"elementor-column elementor-col-100 elementor-top-column elementor-element elementor-element-4970fb7\" data-id=\"4970fb7\" data-element_type=\"column\">\n\t\t\t<div class=\"elementor-widget-wrap elementor-element-populated\">\n\t\t\t\t\t\t<div class=\"elementor-element elementor-element-dbcb625 elementor-arrows-position-inside elementor-pagination-position-outside elementor-widget elementor-widget-image-carousel\" data-id=\"dbcb625\" data-element_type=\"widget\" data-settings=\"{&quot;navigation&quot;:&quot;both&quot;,&quot;autoplay&quot;:&quot;yes&quot;,&quot;pause_on_hover&quot;:&quot;yes&quot;,&quot;pause_on_interaction&quot;:&quot;yes&quot;,&quot;autoplay_speed&quot;:5000,&quot;infinite&quot;:&quot;yes&quot;,&quot;speed&quot;:500}\" data-widget_type=\"image-carousel.default\">\n\t\t\t\t<div class=\"elementor-widget-container\">\n\t\t\t\t\t\t\t<div class=\"elementor-image-carousel-wrapper swiper\" role=\"region\" aria-roledescription=\"carousel\" aria-label=\"Carrusel de im\u00e1genes\" dir=\"ltr\">\n\t\t\t<div class=\"elementor-image-carousel swiper-wrapper\" aria-live=\"off\">\n\t\t\t\t\t\t\t\t<div class=\"swiper-slide\" role=\"group\" aria-roledescription=\"slide\" aria-label=\"1 de 5\"><figure class=\"swiper-slide-inner\"><img decoding=\"async\" class=\"swiper-slide-image\" src=\"https:\/\/edufis.ubiobio.cl\/wp-content\/uploads\/2023\/07\/WhatsApp-Image-2023-07-06-at-2.32.19-PM-1-150x150.jpeg\" alt=\"WhatsApp Image 2023-07-06 at 2.32.19 PM\" \/><\/figure><\/div><div class=\"swiper-slide\" role=\"group\" aria-roledescription=\"slide\" aria-label=\"2 de 5\"><figure class=\"swiper-slide-inner\"><img decoding=\"async\" class=\"swiper-slide-image\" src=\"https:\/\/edufis.ubiobio.cl\/wp-content\/uploads\/2023\/07\/WhatsApp-Image-2023-07-06-at-1.43.19-PM-1-150x150.jpeg\" alt=\"WhatsApp Image 2023-07-06 at 1.43.19 PM (1)\" \/><\/figure><\/div><div class=\"swiper-slide\" role=\"group\" aria-roledescription=\"slide\" aria-label=\"3 de 5\"><figure class=\"swiper-slide-inner\"><img decoding=\"async\" class=\"swiper-slide-image\" src=\"https:\/\/edufis.ubiobio.cl\/wp-content\/uploads\/2023\/07\/WhatsApp-Image-2023-07-06-at-1.43.19-PM-150x150.jpeg\" alt=\"WhatsApp Image 2023-07-06 at 1.43.19 PM\" \/><\/figure><\/div><div class=\"swiper-slide\" role=\"group\" aria-roledescription=\"slide\" aria-label=\"4 de 5\"><figure class=\"swiper-slide-inner\"><img decoding=\"async\" class=\"swiper-slide-image\" src=\"https:\/\/edufis.ubiobio.cl\/wp-content\/uploads\/2023\/07\/WhatsApp-Image-2023-07-06-at-1.43.18-PM-1-150x150.jpeg\" alt=\"WhatsApp Image 2023-07-06 at 1.43.18 PM (1)\" \/><\/figure><\/div><div class=\"swiper-slide\" role=\"group\" aria-roledescription=\"slide\" aria-label=\"5 de 5\"><figure class=\"swiper-slide-inner\"><img decoding=\"async\" class=\"swiper-slide-image\" src=\"https:\/\/edufis.ubiobio.cl\/wp-content\/uploads\/2023\/07\/WhatsApp-Image-2023-07-06-at-1.43.18-PM-150x150.jpeg\" alt=\"WhatsApp Image 2023-07-06 at 1.43.18 PM\" \/><\/figure><\/div>\t\t\t<\/div>\n\t\t\t\t\t\t\t\t\t\t\t\t<div class=\"elementor-swiper-button elementor-swiper-button-prev\" role=\"button\" tabindex=\"0\">\n\t\t\t\t\t\t<i aria-hidden=\"true\" class=\"eicon-chevron-left\"><\/i>\t\t\t\t\t<\/div>\n\t\t\t\t\t<div class=\"elementor-swiper-button elementor-swiper-button-next\" role=\"button\" tabindex=\"0\">\n\t\t\t\t\t\t<i aria-hidden=\"true\" class=\"eicon-chevron-right\"><\/i>\t\t\t\t\t<\/div>\n\t\t\t\t\n\t\t\t\t\t\t\t\t\t<div class=\"swiper-pagination\"><\/div>\n\t\t\t\t\t\t\t\t\t<\/div>\n\t\t\t\t\t\t<\/div>\n\t\t\t\t<\/div>\n\t\t\t\t\t<\/div>\n\t\t<\/div>\n\t\t\t\t\t<\/div>\n\t\t<\/section>\n\t\t\t\t<\/div>\n\t\t","protected":false},"excerpt":{"rendered":"<p>Exitosa inauguraci\u00f3n del Laboratorio de Aptitud F\u00edsica para la Salud y el Deporte en el Aula Magna del Campus Fernando May de la Universidad del B\u00edo B\u00edo Gracias al apoyo directo de la vicerrector\u00eda de asuntos econ\u00f3micos de nuestra universidad, hemos podido adquirir equipamiento especializado para este laboratorio.&nbsp; Durante este importante evento, tambi\u00e9n se llev\u00f3 &hellip; <\/p>\n<p class=\"link-more\"><a href=\"https:\/\/edufis.ubiobio.cl\/index.php\/2023\/07\/06\/exitosa-inauguracion-del-laboratorio-de-aptitud-fisica-para-la-salud-y-el-deporte-en-el-aula-magna-del-campus-fernando-may-de-la-universidad-del-bio-bio\/\" class=\"more-link\">Read more<span class=\"screen-reader-text\"> &#8220;Exitosa inauguraci\u00f3n del Laboratorio de Aptitud F\u00edsica para la Salud y el Deporte en el Aula Magna del Campus Fernando May de la Universidad del B\u00edo B\u00edo&#8221;<\/span><\/a><\/p>\n","protected":false},"author":1,"featured_media":1293,"comment_status":"closed","ping_status":"closed","sticky":false,"template":"","format":"standard","meta":{"_eb_attr":"","footnotes":""},"categories":[24,4],"tags":[],"class_list":["post-1292","post","type-post","status-publish","format-standard","has-post-thumbnail","hentry","category-blog","category-noticias"],"_links":{"self":[{"href":"https:\/\/edufis.ubiobio.cl\/index.php\/wp-json\/wp\/v2\/posts\/1292","targetHints":{"allow":["GET"]}}],"collection":[{"href":"https:\/\/edufis.ubiobio.cl\/index.php\/wp-json\/wp\/v2\/posts"}],"about":[{"href":"https:\/\/edufis.ubiobio.cl\/index.php\/wp-json\/wp\/v2\/types\/post"}],"author":[{"embeddable":true,"href":"https:\/\/edufis.ubiobio.cl\/index.php\/wp-json\/wp\/v2\/users\/1"}],"replies":[{"embeddable":true,"href":"https:\/\/edufis.ubiobio.cl\/index.php\/wp-json\/wp\/v2\/comments?post=1292"}],"version-history":[{"count":5,"href":"https:\/\/edufis.ubiobio.cl\/index.php\/wp-json\/wp\/v2\/posts\/1292\/revisions"}],"predecessor-version":[{"id":1303,"href":"https:\/\/edufis.ubiobio.cl\/index.php\/wp-json\/wp\/v2\/posts\/1292\/revisions\/1303"}],"wp:featuredmedia":[{"embeddable":true,"href":"https:\/\/edufis.ubiobio.cl\/index.php\/wp-json\/wp\/v2\/media\/1293"}],"wp:attachment":[{"href":"https:\/\/edufis.ubiobio.cl\/index.php\/wp-json\/wp\/v2\/media?parent=1292"}],"wp:term":[{"taxonomy":"category","embeddable":true,"href":"https:\/\/edufis.ubiobio.cl\/index.php\/wp-json\/wp\/v2\/categories?post=1292"},{"taxonomy":"post_tag","embeddable":true,"href":"https:\/\/edufis.ubiobio.cl\/index.php\/wp-json\/wp\/v2\/tags?post=1292"}],"curies":[{"name":"wp","href":"https:\/\/api.w.org\/{rel}","templated":true}]}}