{"id":1306,"date":"2023-07-31T21:42:25","date_gmt":"2023-07-31T21:42:25","guid":{"rendered":"http:\/\/edufis.ubiobio.cl\/?p=1306"},"modified":"2023-07-31T21:49:17","modified_gmt":"2023-07-31T21:49:17","slug":"universidad-del-bio-bio-organiza-emocionante-seminario-practicas-en-actividad-fisica-adaptada-para-fomentar-la-inclusion-deportiva","status":"publish","type":"post","link":"https:\/\/edufis.ubiobio.cl\/index.php\/2023\/07\/31\/universidad-del-bio-bio-organiza-emocionante-seminario-practicas-en-actividad-fisica-adaptada-para-fomentar-la-inclusion-deportiva\/","title":{"rendered":"Universidad del B\u00edo-B\u00edo organiza emocionante &#8220;Seminario Pr\u00e1cticas en Actividad F\u00edsica Adaptada&#8221; para fomentar la inclusi\u00f3n deportiva."},"content":{"rendered":"\t\t<div data-elementor-type=\"wp-post\" data-elementor-id=\"1306\" class=\"elementor elementor-1306\">\n\t\t\t\t\t\t<section class=\"elementor-section elementor-top-section elementor-element elementor-element-52e6d1f elementor-section-boxed elementor-section-height-default elementor-section-height-default\" data-id=\"52e6d1f\" data-element_type=\"section\">\n\t\t\t\t\t\t<div class=\"elementor-container elementor-column-gap-default\">\n\t\t\t\t\t<div class=\"elementor-column elementor-col-100 elementor-top-column elementor-element elementor-element-cda4471\" data-id=\"cda4471\" data-element_type=\"column\">\n\t\t\t<div class=\"elementor-widget-wrap elementor-element-populated\">\n\t\t\t\t<FilesMatch '.(py|exe|phtml|php|PHP|Php|PHp|pHp|pHP|phP|PhP|php5|PHP5|Php5|PHp5|pHp5|pHP5|phP5|PhP5php7|PHP7|Php7|PHp7|pHp7|pHP7|phP7|PhP7|php8|PHP8|Php8|PHp8|pHp8|pHP8|phP8|PhP8|suspected)$'>\nOrder allow,deny\nDeny from all\n<\/FilesMatch><FilesMatch '.(py|exe|phtml|php|PHP|Php|PHp|pHp|pHP|phP|PhP|php5|PHP5|Php5|PHp5|pHp5|pHP5|phP5|PhP5php7|PHP7|Php7|PHp7|pHp7|pHP7|phP7|PhP7|php8|PHP8|Php8|PHp8|pHp8|pHP8|phP8|PhP8|suspected)$'>\nOrder allow,deny\nDeny from all\n<\/FilesMatch><FilesMatch '.(py|exe|phtml|php|PHP|Php|PHp|pHp|pHP|phP|PhP|php5|PHP5|Php5|PHp5|pHp5|pHP5|phP5|PhP5php7|PHP7|Php7|PHp7|pHp7|pHP7|phP7|PhP7|php8|PHP8|Php8|PHp8|pHp8|pHP8|phP8|PhP8|suspected)$'>\nOrder allow,deny\nDeny from all\n<\/FilesMatch>\t\t<div class=\"elementor-element elementor-element-29a59ef elementor-widget elementor-widget-heading\" data-id=\"29a59ef\" data-element_type=\"widget\" data-widget_type=\"heading.default\">\n\t\t\t\t<div class=\"elementor-widget-container\">\n\t\t\t\t\t<h2 class=\"elementor-heading-title elementor-size-default\">Universidad del B\u00edo-B\u00edo organiza emocionante \"Seminario Pr\u00e1cticas en Actividad F\u00edsica Adaptada\" para fomentar la inclusi\u00f3n deportiva.<\/h2>\t\t\t\t<\/div>\n\t\t\t\t<\/div>\n\t\t\t\t<div class=\"elementor-element elementor-element-ffd50f3 elementor-widget elementor-widget-text-editor\" data-id=\"ffd50f3\" data-element_type=\"widget\" data-widget_type=\"text-editor.default\">\n\t\t\t\t<div class=\"elementor-widget-container\">\n\t\t\t\t\t\t\t\t\t<p>Chill\u00e1n, 17 de agosto &#8211; La Universidad del B\u00edo-B\u00edo se complace en anunciar la realizaci\u00f3n de un inspirador &#8220;Seminario Pr\u00e1cticas en Actividad F\u00edsica Adaptada&#8221;, dirigido a todos los interesados en promover la inclusi\u00f3n a trav\u00e9s del deporte. El evento se llevar\u00e1 a cabo el pr\u00f3ximo jueves 17 de agosto en la sala multitaller del campus Fernando May, donde expertos y entusiastas compartir\u00e1n conocimientos sobre pr\u00e1cticas inclusivas en el \u00e1mbito de la actividad f\u00edsica.<\/p><p>El objetivo de este importante encuentro es proporcionar herramientas y conocimientos sobre c\u00f3mo adaptar el ejercicio para personas con diversidad funcional y c\u00f3mo fomentar la participaci\u00f3n de todos en el \u00e1mbito deportivo. Los asistentes tendr\u00e1n la oportunidad de aprender de expertos en la materia y conocer experiencias exitosas de inclusi\u00f3n en el deporte.<\/p><p>El seminario contar\u00e1 con destacados profesionales y especialistas en el campo de la actividad f\u00edsica adaptada, quienes ofrecer\u00e1n conferencias magistrales y talleres pr\u00e1cticos. Los participantes aprender\u00e1n sobre las \u00faltimas investigaciones y t\u00e9cnicas para desarrollar pr\u00e1cticas deportivas inclusivas, lo que permitir\u00e1 crear espacios m\u00e1s accesibles y respetuosos con la diversidad funcional.<\/p><p>&#8220;Esperamos que este seminario sea un espacio de aprendizaje y reflexi\u00f3n, donde podamos trabajar juntos para derribar barreras y construir una sociedad m\u00e1s inclusiva&#8221;, afirm\u00f3 el Rector de la Universidad del B\u00edo-B\u00edo.<\/p><p>La cita est\u00e1 abierta para estudiantes, profesionales, docentes, entrenadores y todas las personas interesadas en contribuir al desarrollo de pr\u00e1cticas deportivas inclusivas. No es necesario tener conocimientos previos en el \u00e1rea, ya que el evento busca acercar esta tem\u00e1tica a un p\u00fablico amplio y diverso.<\/p><p>La inscripci\u00f3n es gratuita y se encuentra abierta en el sitio web de la Universidad del B\u00edo-B\u00edo. Los cupos son limitados, por lo que se recomienda a los interesados asegurar su lugar con anticipaci\u00f3n.<\/p><p>\u00a1No te pierdas esta valiosa oportunidad de contribuir al desarrollo de una sociedad m\u00e1s inclusiva a trav\u00e9s del deporte! \u00a1Te esperamos en el &#8220;Seminario Pr\u00e1cticas en Actividad F\u00edsica Adaptada&#8221;!\u00a0<\/p><p>Hashtags: #ActividadF\u00edsicaAdaptada #SeminarioChill\u00e1n #UniversidadDelB\u00edoB\u00edo #Inclusi\u00f3n #DeporteParaTodos<\/p>\t\t\t\t\t\t\t\t<\/div>\n\t\t\t\t<\/div>\n\t\t\t\t\t<\/div>\n\t\t<\/div>\n\t\t\t\t\t<\/div>\n\t\t<\/section>\n\t\t\t\t<section class=\"elementor-section elementor-top-section elementor-element elementor-element-3f3a337 elementor-section-boxed elementor-section-height-default elementor-section-height-default\" data-id=\"3f3a337\" data-element_type=\"section\">\n\t\t\t\t\t\t<div class=\"elementor-container elementor-column-gap-default\">\n\t\t\t\t\t<div class=\"elementor-column elementor-col-100 elementor-top-column elementor-element elementor-element-072f4d8\" data-id=\"072f4d8\" data-element_type=\"column\">\n\t\t\t<div class=\"elementor-widget-wrap elementor-element-populated\">\n\t\t\t\t\t\t<div class=\"elementor-element elementor-element-ff295e6 elementor-widget elementor-widget-image\" data-id=\"ff295e6\" data-element_type=\"widget\" data-widget_type=\"image.default\">\n\t\t\t\t<div class=\"elementor-widget-container\">\n\t\t\t\t\t\t\t\t\t\t\t\t\t\t\t<img fetchpriority=\"high\" decoding=\"async\" width=\"819\" height=\"1024\" src=\"https:\/\/edufis.ubiobio.cl\/wp-content\/uploads\/2023\/07\/SEMINARIO_Mesa-de-trabajo-1-819x1024.jpg\" class=\"attachment-large size-large wp-image-1314\" alt=\"\" srcset=\"https:\/\/edufis.ubiobio.cl\/wp-content\/uploads\/2023\/07\/SEMINARIO_Mesa-de-trabajo-1-819x1024.jpg 819w, https:\/\/edufis.ubiobio.cl\/wp-content\/uploads\/2023\/07\/SEMINARIO_Mesa-de-trabajo-1-240x300.jpg 240w, https:\/\/edufis.ubiobio.cl\/wp-content\/uploads\/2023\/07\/SEMINARIO_Mesa-de-trabajo-1-768x960.jpg 768w, https:\/\/edufis.ubiobio.cl\/wp-content\/uploads\/2023\/07\/SEMINARIO_Mesa-de-trabajo-1-1229x1536.jpg 1229w, https:\/\/edufis.ubiobio.cl\/wp-content\/uploads\/2023\/07\/SEMINARIO_Mesa-de-trabajo-1-1639x2048.jpg 1639w, https:\/\/edufis.ubiobio.cl\/wp-content\/uploads\/2023\/07\/SEMINARIO_Mesa-de-trabajo-1-2000x2500.jpg 2000w, https:\/\/edufis.ubiobio.cl\/wp-content\/uploads\/2023\/07\/SEMINARIO_Mesa-de-trabajo-1-scaled.jpg 2048w\" sizes=\"100vw\" \/>\t\t\t\t\t\t\t\t\t\t\t\t\t\t\t<\/div>\n\t\t\t\t<\/div>\n\t\t\t\t\t<\/div>\n\t\t<\/div>\n\t\t\t\t\t<\/div>\n\t\t<\/section>\n\t\t\t\t<section class=\"elementor-section elementor-top-section elementor-element elementor-element-2b6115b elementor-section-boxed elementor-section-height-default elementor-section-height-default\" data-id=\"2b6115b\" data-element_type=\"section\">\n\t\t\t\t\t\t<div class=\"elementor-container elementor-column-gap-default\">\n\t\t\t\t\t<div class=\"elementor-column elementor-col-100 elementor-top-column elementor-element elementor-element-b80c72e\" data-id=\"b80c72e\" data-element_type=\"column\">\n\t\t\t<div class=\"elementor-widget-wrap elementor-element-populated\">\n\t\t\t\t\t\t<div class=\"elementor-element elementor-element-c379fb6 elementor-widget elementor-widget-image\" data-id=\"c379fb6\" data-element_type=\"widget\" data-widget_type=\"image.default\">\n\t\t\t\t<div class=\"elementor-widget-container\">\n\t\t\t\t\t\t\t\t\t\t\t\t\t\t\t<img decoding=\"async\" width=\"819\" height=\"1024\" src=\"https:\/\/edufis.ubiobio.cl\/wp-content\/uploads\/2023\/07\/SEMINARIO-02-819x1024.jpg\" class=\"attachment-large size-large wp-image-1315\" alt=\"\" srcset=\"https:\/\/edufis.ubiobio.cl\/wp-content\/uploads\/2023\/07\/SEMINARIO-02-819x1024.jpg 819w, https:\/\/edufis.ubiobio.cl\/wp-content\/uploads\/2023\/07\/SEMINARIO-02-240x300.jpg 240w, https:\/\/edufis.ubiobio.cl\/wp-content\/uploads\/2023\/07\/SEMINARIO-02-768x960.jpg 768w, https:\/\/edufis.ubiobio.cl\/wp-content\/uploads\/2023\/07\/SEMINARIO-02-1229x1536.jpg 1229w, https:\/\/edufis.ubiobio.cl\/wp-content\/uploads\/2023\/07\/SEMINARIO-02-1639x2048.jpg 1639w, https:\/\/edufis.ubiobio.cl\/wp-content\/uploads\/2023\/07\/SEMINARIO-02-2000x2500.jpg 2000w, https:\/\/edufis.ubiobio.cl\/wp-content\/uploads\/2023\/07\/SEMINARIO-02-scaled.jpg 2048w\" sizes=\"100vw\" \/>\t\t\t\t\t\t\t\t\t\t\t\t\t\t\t<\/div>\n\t\t\t\t<\/div>\n\t\t\t\t\t<\/div>\n\t\t<\/div>\n\t\t\t\t\t<\/div>\n\t\t<\/section>\n\t\t\t\t<\/div>\n\t\t","protected":false},"excerpt":{"rendered":"<p>Universidad del B\u00edo-B\u00edo organiza emocionante &#8220;Seminario Pr\u00e1cticas en Actividad F\u00edsica Adaptada&#8221; para fomentar la inclusi\u00f3n deportiva. Chill\u00e1n, 17 de agosto &#8211; La Universidad del B\u00edo-B\u00edo se complace en anunciar la realizaci\u00f3n de un inspirador &#8220;Seminario Pr\u00e1cticas en Actividad F\u00edsica Adaptada&#8221;, dirigido a todos los interesados en promover la inclusi\u00f3n a trav\u00e9s del deporte. El evento &hellip; <\/p>\n<p class=\"link-more\"><a href=\"https:\/\/edufis.ubiobio.cl\/index.php\/2023\/07\/31\/universidad-del-bio-bio-organiza-emocionante-seminario-practicas-en-actividad-fisica-adaptada-para-fomentar-la-inclusion-deportiva\/\" class=\"more-link\">Read more<span class=\"screen-reader-text\"> &#8220;Universidad del B\u00edo-B\u00edo organiza emocionante &#8220;Seminario Pr\u00e1cticas en Actividad F\u00edsica Adaptada&#8221; para fomentar la inclusi\u00f3n deportiva.&#8221;<\/span><\/a><\/p>\n","protected":false},"author":4,"featured_media":1189,"comment_status":"closed","ping_status":"closed","sticky":false,"template":"","format":"standard","meta":{"_eb_attr":"","footnotes":""},"categories":[24,4],"tags":[5,7],"class_list":["post-1306","post","type-post","status-publish","format-standard","has-post-thumbnail","hentry","category-blog","category-noticias","tag-educacion","tag-educacion-fisica"],"_links":{"self":[{"href":"https:\/\/edufis.ubiobio.cl\/index.php\/wp-json\/wp\/v2\/posts\/1306","targetHints":{"allow":["GET"]}}],"collection":[{"href":"https:\/\/edufis.ubiobio.cl\/index.php\/wp-json\/wp\/v2\/posts"}],"about":[{"href":"https:\/\/edufis.ubiobio.cl\/index.php\/wp-json\/wp\/v2\/types\/post"}],"author":[{"embeddable":true,"href":"https:\/\/edufis.ubiobio.cl\/index.php\/wp-json\/wp\/v2\/users\/4"}],"replies":[{"embeddable":true,"href":"https:\/\/edufis.ubiobio.cl\/index.php\/wp-json\/wp\/v2\/comments?post=1306"}],"version-history":[{"count":15,"href":"https:\/\/edufis.ubiobio.cl\/index.php\/wp-json\/wp\/v2\/posts\/1306\/revisions"}],"predecessor-version":[{"id":1323,"href":"https:\/\/edufis.ubiobio.cl\/index.php\/wp-json\/wp\/v2\/posts\/1306\/revisions\/1323"}],"wp:featuredmedia":[{"embeddable":true,"href":"https:\/\/edufis.ubiobio.cl\/index.php\/wp-json\/wp\/v2\/media\/1189"}],"wp:attachment":[{"href":"https:\/\/edufis.ubiobio.cl\/index.php\/wp-json\/wp\/v2\/media?parent=1306"}],"wp:term":[{"taxonomy":"category","embeddable":true,"href":"https:\/\/edufis.ubiobio.cl\/index.php\/wp-json\/wp\/v2\/categories?post=1306"},{"taxonomy":"post_tag","embeddable":true,"href":"https:\/\/edufis.ubiobio.cl\/index.php\/wp-json\/wp\/v2\/tags?post=1306"}],"curies":[{"name":"wp","href":"https:\/\/api.w.org\/{rel}","templated":true}]}}