{"id":203,"date":"2022-04-18T13:49:40","date_gmt":"2022-04-18T13:49:40","guid":{"rendered":"http:\/\/edufis.ubiobio.cl\/?p=203"},"modified":"2022-04-18T13:57:30","modified_gmt":"2022-04-18T13:57:30","slug":"mas-de-120-personas-con-discapacidad-intelectual-celebraron-el-dia-internacional-del-deporte-con-un-festival-inclusivo-en-nuble","status":"publish","type":"post","link":"https:\/\/edufis.ubiobio.cl\/index.php\/2022\/04\/18\/mas-de-120-personas-con-discapacidad-intelectual-celebraron-el-dia-internacional-del-deporte-con-un-festival-inclusivo-en-nuble\/","title":{"rendered":"M\u00e1s de 120 personas con discapacidad intelectual celebraron el D\u00eda Internacional del Deporte con un Festival Inclusivo en \u00d1uble"},"content":{"rendered":"<p><span>La organizaci\u00f3n Olimpiadas Especiales Chile, junto al IND de la Regi\u00f3n de \u00d1uble, llevaron adelante la actividad donde 80 estudiantes de las universidades del B\u00edo B\u00edo y Adventista de Chile participaron como voluntarios.<\/span><\/p>\n\n\n<p>Cada 6 de abril se conmemora el D\u00eda Internacional del Deporte para el Desarrollo y la Paz, una fecha que est\u00e1 declarada por la ONU para as\u00ed reconocer &#8220;el papel positivo del deporte y la actividad f\u00edsica en las comunidades y en la vida de las personas en todo el mundo\u201d.<\/p>\n\n\n\n<p>Y en Chile, la jornada tuvo como epicentro el&nbsp;Complejo Deportivo Quilamapu de Chill\u00e1n, donde verca de 120 ni\u00f1as, ni\u00f1os y j\u00f3venes con discapacidad intelectual, y otras patolog\u00edas asociadas, participaron en el Festival Inclusivo, organizado por el Instituto Nacional de Deportes -IND- de \u00d1uble y Olimpiadas Especiales, la organizaci\u00f3n deportiva m\u00e1s grande del mundo para personas con discapacidad intelectual.&nbsp;<\/p>\n\n\n\n<p>\u201cCon este evento consolidamos el crecimiento de Olimpiadas Especiales Chile a nuevas regiones, con el fin de promover la inclusi\u00f3n a trav\u00e9s de una herramienta tan poderosa y necesaria como el deporte\u201d, afirm\u00f3 Carolina Picasso, presidenta de la ONG.<\/p>\n","protected":false},"excerpt":{"rendered":"<p>La organizaci\u00f3n Olimpiadas Especiales Chile, junto al IND de la Regi\u00f3n de \u00d1uble, llevaron adelante la actividad donde 80 estudiantes de las universidades del B\u00edo B\u00edo y Adventista de Chile participaron como voluntarios.<\/p>\n","protected":false},"author":1,"featured_media":186,"comment_status":"closed","ping_status":"closed","sticky":false,"template":"","format":"standard","meta":{"_eb_attr":"","footnotes":""},"categories":[4],"tags":[5,7,6],"class_list":["post-203","post","type-post","status-publish","format-standard","has-post-thumbnail","hentry","category-noticias","tag-educacion","tag-educacion-fisica","tag-olimpiadas"],"_links":{"self":[{"href":"https:\/\/edufis.ubiobio.cl\/index.php\/wp-json\/wp\/v2\/posts\/203","targetHints":{"allow":["GET"]}}],"collection":[{"href":"https:\/\/edufis.ubiobio.cl\/index.php\/wp-json\/wp\/v2\/posts"}],"about":[{"href":"https:\/\/edufis.ubiobio.cl\/index.php\/wp-json\/wp\/v2\/types\/post"}],"author":[{"embeddable":true,"href":"https:\/\/edufis.ubiobio.cl\/index.php\/wp-json\/wp\/v2\/users\/1"}],"replies":[{"embeddable":true,"href":"https:\/\/edufis.ubiobio.cl\/index.php\/wp-json\/wp\/v2\/comments?post=203"}],"version-history":[{"count":3,"href":"https:\/\/edufis.ubiobio.cl\/index.php\/wp-json\/wp\/v2\/posts\/203\/revisions"}],"predecessor-version":[{"id":208,"href":"https:\/\/edufis.ubiobio.cl\/index.php\/wp-json\/wp\/v2\/posts\/203\/revisions\/208"}],"wp:featuredmedia":[{"embeddable":true,"href":"https:\/\/edufis.ubiobio.cl\/index.php\/wp-json\/wp\/v2\/media\/186"}],"wp:attachment":[{"href":"https:\/\/edufis.ubiobio.cl\/index.php\/wp-json\/wp\/v2\/media?parent=203"}],"wp:term":[{"taxonomy":"category","embeddable":true,"href":"https:\/\/edufis.ubiobio.cl\/index.php\/wp-json\/wp\/v2\/categories?post=203"},{"taxonomy":"post_tag","embeddable":true,"href":"https:\/\/edufis.ubiobio.cl\/index.php\/wp-json\/wp\/v2\/tags?post=203"}],"curies":[{"name":"wp","href":"https:\/\/api.w.org\/{rel}","templated":true}]}}