{"id":311,"date":"2022-05-09T23:10:07","date_gmt":"2022-05-09T23:10:07","guid":{"rendered":"http:\/\/edufis.ubiobio.cl\/?p=311"},"modified":"2022-06-14T13:58:42","modified_gmt":"2022-06-14T13:58:42","slug":"profesor-jaime-pacheco-expuso-en-el-dia-internacional-de-la-actividad-fisica","status":"publish","type":"post","link":"https:\/\/edufis.ubiobio.cl\/index.php\/2022\/05\/09\/profesor-jaime-pacheco-expuso-en-el-dia-internacional-de-la-actividad-fisica\/","title":{"rendered":"PROFESOR JAIME PACHECO EXPUSO EN EL D\u00cdA INTERNACIONAL DE LA ACTIVIDAD F\u00cdSICA"},"content":{"rendered":"<p>El d\u00eda 8 de abril, el acad\u00e9mico de nuestra escuela, Dr. Jaime Pacheco Carrillo, actu\u00f3 como conferencista invitado por la carrera de pedagog\u00eda en Educaci\u00f3n F\u00edsica de la Universidad Andr\u00e9s Bello, sede Concepci\u00f3n.<br \/>\nLa tem\u00e1tica expuesta fue Actividad f\u00edsica para la inclusi\u00f3n y asistieron 50 personas, entre ellos alumnos de las carreras de pedagog\u00eda en Educaci\u00f3n f\u00edsica y entrenador deportivo, profesores de colegios, acad\u00e9micos\/as de la facultad de Educaci\u00f3n y directivos de la casa de estudios.<br \/>\nEl acto acad\u00e9mico, se organiz\u00f3 para celebrar el d\u00eda internacional de la actividad f\u00edsica.<br \/>\nCon especial inter\u00e9s participaron formulando consultas, estudiantes del programa especial de habilidades laborales para personas en situaci\u00f3n de discapacidad, que se dicta en dicha instituci\u00f3n.<\/p>\n","protected":false},"excerpt":{"rendered":"<p>El d\u00eda 8 de abril, el acad\u00e9mico de nuestra escuela, Dr. Jaime Pacheco Carrillo, actu\u00f3 como conferencista invitado por la carrera de pedagog\u00eda en Educaci\u00f3n F\u00edsica de la Universidad Andr\u00e9s Bello, sede Concepci\u00f3n. La tem\u00e1tica expuesta fue Actividad f\u00edsica para la inclusi\u00f3n y asistieron 50 personas, entre ellos alumnos de las carreras de pedagog\u00eda en &hellip; <\/p>\n<p class=\"link-more\"><a href=\"https:\/\/edufis.ubiobio.cl\/index.php\/2022\/05\/09\/profesor-jaime-pacheco-expuso-en-el-dia-internacional-de-la-actividad-fisica\/\" class=\"more-link\">Read more<span class=\"screen-reader-text\"> &#8220;PROFESOR JAIME PACHECO EXPUSO EN EL D\u00cdA INTERNACIONAL DE LA ACTIVIDAD F\u00cdSICA&#8221;<\/span><\/a><\/p>\n","protected":false},"author":1,"featured_media":312,"comment_status":"closed","ping_status":"closed","sticky":false,"template":"","format":"standard","meta":{"_eb_attr":"","footnotes":""},"categories":[4],"tags":[18,16,17],"class_list":["post-311","post","type-post","status-publish","format-standard","has-post-thumbnail","hentry","category-noticias","tag-dia-internacional-de-la-actividad-fisica","tag-exposicion","tag-taller"],"_links":{"self":[{"href":"https:\/\/edufis.ubiobio.cl\/index.php\/wp-json\/wp\/v2\/posts\/311","targetHints":{"allow":["GET"]}}],"collection":[{"href":"https:\/\/edufis.ubiobio.cl\/index.php\/wp-json\/wp\/v2\/posts"}],"about":[{"href":"https:\/\/edufis.ubiobio.cl\/index.php\/wp-json\/wp\/v2\/types\/post"}],"author":[{"embeddable":true,"href":"https:\/\/edufis.ubiobio.cl\/index.php\/wp-json\/wp\/v2\/users\/1"}],"replies":[{"embeddable":true,"href":"https:\/\/edufis.ubiobio.cl\/index.php\/wp-json\/wp\/v2\/comments?post=311"}],"version-history":[{"count":1,"href":"https:\/\/edufis.ubiobio.cl\/index.php\/wp-json\/wp\/v2\/posts\/311\/revisions"}],"predecessor-version":[{"id":313,"href":"https:\/\/edufis.ubiobio.cl\/index.php\/wp-json\/wp\/v2\/posts\/311\/revisions\/313"}],"wp:featuredmedia":[{"embeddable":true,"href":"https:\/\/edufis.ubiobio.cl\/index.php\/wp-json\/wp\/v2\/media\/312"}],"wp:attachment":[{"href":"https:\/\/edufis.ubiobio.cl\/index.php\/wp-json\/wp\/v2\/media?parent=311"}],"wp:term":[{"taxonomy":"category","embeddable":true,"href":"https:\/\/edufis.ubiobio.cl\/index.php\/wp-json\/wp\/v2\/categories?post=311"},{"taxonomy":"post_tag","embeddable":true,"href":"https:\/\/edufis.ubiobio.cl\/index.php\/wp-json\/wp\/v2\/tags?post=311"}],"curies":[{"name":"wp","href":"https:\/\/api.w.org\/{rel}","templated":true}]}}