{"id":539,"date":"2022-06-14T13:57:26","date_gmt":"2022-06-14T13:57:26","guid":{"rendered":"http:\/\/edufis.ubiobio.cl\/?p=539"},"modified":"2022-07-04T13:19:16","modified_gmt":"2022-07-04T13:19:16","slug":"academico-ubb-se-sumo-al-cuerpo-tecnico-de-la-seleccion-chilena-de-futbol-5","status":"publish","type":"post","link":"https:\/\/edufis.ubiobio.cl\/index.php\/2022\/06\/14\/academico-ubb-se-sumo-al-cuerpo-tecnico-de-la-seleccion-chilena-de-futbol-5\/","title":{"rendered":"Acad\u00e9mico UBB se sum\u00f3 al cuerpo t\u00e9cnico de la selecci\u00f3n chilena de F\u00fatbol 5"},"content":{"rendered":"\n<p>El acad\u00e9mico de la Escuela de Pedagog\u00eda en Educaci\u00f3n F\u00edsica UBB, Dr. Luis Felipe Castelli, precis\u00f3 que fue contactado por el entrenador de la selecci\u00f3n chilena de F\u00fatbol 5, David Soto, quien conoc\u00eda su trayectoria en la selecci\u00f3n de Brasil, donde logr\u00f3 los campeonatos Panamericano 2011 y 2015, Campe\u00f3n Mundial 2010, 2014 y 2018, y Campe\u00f3n Paral\u00edmpico 2016. \u00c1rticulo de Noticias UBB<\/p>\n","protected":false},"excerpt":{"rendered":"<p>El acad\u00e9mico de la Escuela de Pedagog\u00eda en Educaci\u00f3n F\u00edsica UBB, Dr. Luis Felipe Castelli, precis\u00f3 que fue contactado por el entrenador de la selecci\u00f3n chilena de F\u00fatbol 5, David Soto, quien conoc\u00eda su trayectoria en la selecci\u00f3n de Brasil, donde logr\u00f3 los campeonatos Panamericano 2011 y 2015, Campe\u00f3n Mundial 2010, 2014 y 2018, y &hellip; <\/p>\n<p class=\"link-more\"><a href=\"https:\/\/edufis.ubiobio.cl\/index.php\/2022\/06\/14\/academico-ubb-se-sumo-al-cuerpo-tecnico-de-la-seleccion-chilena-de-futbol-5\/\" class=\"more-link\">Read more<span class=\"screen-reader-text\"> &#8220;Acad\u00e9mico UBB se sum\u00f3 al cuerpo t\u00e9cnico de la selecci\u00f3n chilena de F\u00fatbol 5&#8221;<\/span><\/a><\/p>\n","protected":false},"author":1,"featured_media":542,"comment_status":"closed","ping_status":"closed","sticky":false,"template":"","format":"standard","meta":{"_eb_attr":"","footnotes":""},"categories":[4],"tags":[7,20],"class_list":["post-539","post","type-post","status-publish","format-standard","has-post-thumbnail","hentry","category-noticias","tag-educacion-fisica","tag-futebol-de-ciegos"],"_links":{"self":[{"href":"https:\/\/edufis.ubiobio.cl\/index.php\/wp-json\/wp\/v2\/posts\/539","targetHints":{"allow":["GET"]}}],"collection":[{"href":"https:\/\/edufis.ubiobio.cl\/index.php\/wp-json\/wp\/v2\/posts"}],"about":[{"href":"https:\/\/edufis.ubiobio.cl\/index.php\/wp-json\/wp\/v2\/types\/post"}],"author":[{"embeddable":true,"href":"https:\/\/edufis.ubiobio.cl\/index.php\/wp-json\/wp\/v2\/users\/1"}],"replies":[{"embeddable":true,"href":"https:\/\/edufis.ubiobio.cl\/index.php\/wp-json\/wp\/v2\/comments?post=539"}],"version-history":[{"count":1,"href":"https:\/\/edufis.ubiobio.cl\/index.php\/wp-json\/wp\/v2\/posts\/539\/revisions"}],"predecessor-version":[{"id":540,"href":"https:\/\/edufis.ubiobio.cl\/index.php\/wp-json\/wp\/v2\/posts\/539\/revisions\/540"}],"wp:featuredmedia":[{"embeddable":true,"href":"https:\/\/edufis.ubiobio.cl\/index.php\/wp-json\/wp\/v2\/media\/542"}],"wp:attachment":[{"href":"https:\/\/edufis.ubiobio.cl\/index.php\/wp-json\/wp\/v2\/media?parent=539"}],"wp:term":[{"taxonomy":"category","embeddable":true,"href":"https:\/\/edufis.ubiobio.cl\/index.php\/wp-json\/wp\/v2\/categories?post=539"},{"taxonomy":"post_tag","embeddable":true,"href":"https:\/\/edufis.ubiobio.cl\/index.php\/wp-json\/wp\/v2\/tags?post=539"}],"curies":[{"name":"wp","href":"https:\/\/api.w.org\/{rel}","templated":true}]}}