{"id":603,"date":"2022-07-04T13:11:18","date_gmt":"2022-07-04T13:11:18","guid":{"rendered":"http:\/\/edufis.ubiobio.cl\/?p=603"},"modified":"2022-07-04T13:11:21","modified_gmt":"2022-07-04T13:11:21","slug":"profesor-jaime-pacheco-dicto-curso-en-la-universidad-catolica-de-la-santisima-concepcion","status":"publish","type":"post","link":"https:\/\/edufis.ubiobio.cl\/index.php\/2022\/07\/04\/profesor-jaime-pacheco-dicto-curso-en-la-universidad-catolica-de-la-santisima-concepcion\/","title":{"rendered":"Profesor Jaime Pacheco dict\u00f3 curso en la Universidad Cat\u00f3lica de la Sant\u00edsima Concepci\u00f3n"},"content":{"rendered":"\n<p><strong>Autor :<\/strong> Jaime Pacheco | <strong>Fotos:<\/strong> Felipe Poblete<\/p>\n\n\n\n<p class=\"has-text-align-left\">El Dr. Jaime Pacheco, acad\u00e9mico de nuestra carrera, fue invitado para dictar un curso a sus estudiantes que cursan pr\u00e1ctica profesional.<br>El d\u00eda s\u00e1bado 25 de junio, se organiz\u00f3 un mini curso de 4 horas para estudiantes de la Universidad Cat\u00f3lica de la Sant\u00edsima Concepci\u00f3n de Pedagog\u00eda en Educaci\u00f3n F\u00edsica. El mini curso buscaba ser una instancia de capacitaci\u00f3n en relaci\u00f3n a Educaci\u00f3n F\u00edsica y Necesidades educativas especiales y se dict\u00f3 bajo una modalidad 100% pr\u00e1ctica en Gimnasio de dicha casa de estudio superiores. Participaron 18 estudiantes en etapa terminal de su proceso formativo y el horario fue de 9.00 a 13.00 horas.<\/p>\n\n\n\n<p><\/p>\n","protected":false},"excerpt":{"rendered":"<p>Autor : Jaime Pacheco | Fotos: Felipe Poblete El Dr. Jaime Pacheco, acad\u00e9mico de nuestra carrera, fue invitado para dictar un curso a sus estudiantes que cursan pr\u00e1ctica profesional.El d\u00eda s\u00e1bado 25 de junio, se organiz\u00f3 un mini curso de 4 horas para estudiantes de la Universidad Cat\u00f3lica de la Sant\u00edsima Concepci\u00f3n de Pedagog\u00eda en &hellip; <\/p>\n<p class=\"link-more\"><a href=\"https:\/\/edufis.ubiobio.cl\/index.php\/2022\/07\/04\/profesor-jaime-pacheco-dicto-curso-en-la-universidad-catolica-de-la-santisima-concepcion\/\" class=\"more-link\">Read more<span class=\"screen-reader-text\"> &#8220;Profesor Jaime Pacheco dict\u00f3 curso en la Universidad Cat\u00f3lica de la Sant\u00edsima Concepci\u00f3n&#8221;<\/span><\/a><\/p>\n","protected":false},"author":2,"featured_media":604,"comment_status":"closed","ping_status":"closed","sticky":false,"template":"","format":"standard","meta":{"_eb_attr":"","footnotes":""},"categories":[4],"tags":[7,17],"class_list":["post-603","post","type-post","status-publish","format-standard","has-post-thumbnail","hentry","category-noticias","tag-educacion-fisica","tag-taller"],"_links":{"self":[{"href":"https:\/\/edufis.ubiobio.cl\/index.php\/wp-json\/wp\/v2\/posts\/603","targetHints":{"allow":["GET"]}}],"collection":[{"href":"https:\/\/edufis.ubiobio.cl\/index.php\/wp-json\/wp\/v2\/posts"}],"about":[{"href":"https:\/\/edufis.ubiobio.cl\/index.php\/wp-json\/wp\/v2\/types\/post"}],"author":[{"embeddable":true,"href":"https:\/\/edufis.ubiobio.cl\/index.php\/wp-json\/wp\/v2\/users\/2"}],"replies":[{"embeddable":true,"href":"https:\/\/edufis.ubiobio.cl\/index.php\/wp-json\/wp\/v2\/comments?post=603"}],"version-history":[{"count":5,"href":"https:\/\/edufis.ubiobio.cl\/index.php\/wp-json\/wp\/v2\/posts\/603\/revisions"}],"predecessor-version":[{"id":609,"href":"https:\/\/edufis.ubiobio.cl\/index.php\/wp-json\/wp\/v2\/posts\/603\/revisions\/609"}],"wp:featuredmedia":[{"embeddable":true,"href":"https:\/\/edufis.ubiobio.cl\/index.php\/wp-json\/wp\/v2\/media\/604"}],"wp:attachment":[{"href":"https:\/\/edufis.ubiobio.cl\/index.php\/wp-json\/wp\/v2\/media?parent=603"}],"wp:term":[{"taxonomy":"category","embeddable":true,"href":"https:\/\/edufis.ubiobio.cl\/index.php\/wp-json\/wp\/v2\/categories?post=603"},{"taxonomy":"post_tag","embeddable":true,"href":"https:\/\/edufis.ubiobio.cl\/index.php\/wp-json\/wp\/v2\/tags?post=603"}],"curies":[{"name":"wp","href":"https:\/\/api.w.org\/{rel}","templated":true}]}}