{"id":616,"date":"2022-07-04T19:36:31","date_gmt":"2022-07-04T19:36:31","guid":{"rendered":"http:\/\/edufis.ubiobio.cl\/?p=616"},"modified":"2022-07-04T20:44:00","modified_gmt":"2022-07-04T20:44:00","slug":"academico-ubb-se-suma-al-equipo-tecnico-de-la-seleccion-chilena-de-futbol-para-participas-en-el-desafio-de-las-americas","status":"publish","type":"post","link":"https:\/\/edufis.ubiobio.cl\/index.php\/2022\/07\/04\/academico-ubb-se-suma-al-equipo-tecnico-de-la-seleccion-chilena-de-futbol-para-participas-en-el-desafio-de-las-americas\/","title":{"rendered":"Acad\u00e9mico UBB se suma al equipo t\u00e9cnico de la selecci\u00f3n chilena de f\u00fatbol para participas en el Desafio de las Am\u00e9ricas."},"content":{"rendered":"\n<p> <strong>Foto:<\/strong> Comit\u00e9 Paral\u00edmpico de Chile -COPACHI  <\/p>\n\n\n\n<p><\/p>\n\n\n\n<p>       El acad\u00e9mico de la Escuela de Pedagog\u00eda en Educaci\u00f3n F\u00edsica UBB, Dr. Luis Felipe Castelli, con trayectoria en la selecci\u00f3n de Brasil, donde logr\u00f3 los campeonatos Panamericano 2011 y 2015, Campe\u00f3n Mundial 2010, 2014 y 2018, y Campe\u00f3n Paral\u00edmpico 2016, pasa a integrar la delegaci\u00f3n Chilena.<\/p>\n\n\n\n<p>        Dr. Luis Felipe Castelli, parti\u00f3 hoy rumbo a Brasil, con el objetivo de monitorear el desempe\u00f1o de los deportistas chilenos. En el a\u00f1o  2017, lo Dr. Castelli defendi\u00f3 su doctorado con el tema: &#8220;Futebol de 5 : Los efectos de la estructuraci\u00f3n y distribuci\u00f3n de la carga de entrenamiento en las variables de rendimiento motor&#8221;, convirti\u00e9ndose en un referente dentro y fuera de la cancha.<\/p>\n\n\n\n<p>       Este martes (5) arranca en S\u00e3o Paulo el Desaf\u00edo de F\u00fatbol para Ciegos de las Am\u00e9ricas, un torneo amistoso que reunir\u00e1 a Argentina, Chile, Colombia y Brasil -representados por dos equipos diferentes- en el Centro de Entrenamiento Paral\u00edmpico. El torneo servir\u00e1 de preparaci\u00f3n para el seleccionado nacional de cara a la Copa Am\u00e9rica que se disputar\u00e1 en octubre pr\u00f3ximo.<\/p>\n\n\n\n<p><\/p>\n\n\n\n<p><a href=\"https:\/\/www.cbdv.org.br\/cbdv-transmite-desafio-das-americas-de-futcegos-a-partir-desta-terca-ao-vivo\" target=\"_blank\" rel=\"noreferrer noopener\">Programaci\u00f3n<\/a><\/p>\n\n\n\n<p><img decoding=\"async\" width=\"16\" height=\"16\" src=\"blob:http:\/\/edufis.ubiobio.cl\/d84509f0-dac9-412f-83fb-b45c7edf15dc\" alt=\"\u2705\">&nbsp;Martes 5 julio: 14:30 vs Colombia<\/p>\n\n\n\n<p><img decoding=\"async\" width=\"16\" height=\"16\" src=\"blob:http:\/\/edufis.ubiobio.cl\/d84509f0-dac9-412f-83fb-b45c7edf15dc\" alt=\"\u2705\">Miercoles 6 julio: 14:30 vs Brasil B<\/p>\n\n\n\n<p><img decoding=\"async\" width=\"16\" height=\"16\" src=\"blob:http:\/\/edufis.ubiobio.cl\/d84509f0-dac9-412f-83fb-b45c7edf15dc\" alt=\"\u2705\">&nbsp;Jueves 7 julio: 14:30 vs Argentina<\/p>\n\n\n\n<p><img decoding=\"async\" width=\"16\" height=\"16\" src=\"blob:http:\/\/edufis.ubiobio.cl\/d84509f0-dac9-412f-83fb-b45c7edf15dc\" alt=\"\u2705\">&nbsp;Viernes 8 julio: 13:00 vs Brasil A<\/p>\n\n\n\n<figure class=\"wp-block-image size-large\"><img fetchpriority=\"high\" decoding=\"async\" width=\"1024\" height=\"768\" src=\"http:\/\/edufis.ubiobio.cl\/wp-content\/uploads\/2022\/07\/291933633_2063621517142121_7049789207603787596_n-1024x768.jpg\" alt=\"Selecci\u00f3n chilena perfilada en el aeropuerto de Santiago minutos antes de la salida internacional. Toda la delegaci\u00f3n est\u00e1 uniformada y con la bandera de Chile abierta en el medio.\" class=\"wp-image-613\" srcset=\"https:\/\/edufis.ubiobio.cl\/wp-content\/uploads\/2022\/07\/291933633_2063621517142121_7049789207603787596_n-1024x768.jpg 1024w, https:\/\/edufis.ubiobio.cl\/wp-content\/uploads\/2022\/07\/291933633_2063621517142121_7049789207603787596_n-300x225.jpg 300w, https:\/\/edufis.ubiobio.cl\/wp-content\/uploads\/2022\/07\/291933633_2063621517142121_7049789207603787596_n-768x576.jpg 768w, https:\/\/edufis.ubiobio.cl\/wp-content\/uploads\/2022\/07\/291933633_2063621517142121_7049789207603787596_n.jpg 1155w\" sizes=\"(max-width: 1024px) 100vw, 1024px\" \/><\/figure>\n\n\n\n<p><\/p>\n","protected":false},"excerpt":{"rendered":"<p>Foto: Comit\u00e9 Paral\u00edmpico de Chile -COPACHI El acad\u00e9mico de la Escuela de Pedagog\u00eda en Educaci\u00f3n F\u00edsica UBB, Dr. Luis Felipe Castelli, con trayectoria en la selecci\u00f3n de Brasil, donde logr\u00f3 los campeonatos Panamericano 2011 y 2015, Campe\u00f3n Mundial 2010, 2014 y 2018, y Campe\u00f3n Paral\u00edmpico 2016, pasa a integrar la delegaci\u00f3n Chilena. Dr. Luis Felipe &hellip; <\/p>\n<p class=\"link-more\"><a href=\"https:\/\/edufis.ubiobio.cl\/index.php\/2022\/07\/04\/academico-ubb-se-suma-al-equipo-tecnico-de-la-seleccion-chilena-de-futbol-para-participas-en-el-desafio-de-las-americas\/\" class=\"more-link\">Read more<span class=\"screen-reader-text\"> &#8220;Acad\u00e9mico UBB se suma al equipo t\u00e9cnico de la selecci\u00f3n chilena de f\u00fatbol para participas en el Desafio de las Am\u00e9ricas.&#8221;<\/span><\/a><\/p>\n","protected":false},"author":2,"featured_media":612,"comment_status":"closed","ping_status":"closed","sticky":false,"template":"","format":"standard","meta":{"_eb_attr":"","footnotes":""},"categories":[4],"tags":[19,7,22],"class_list":["post-616","post","type-post","status-publish","format-standard","has-post-thumbnail","hentry","category-noticias","tag-copachi","tag-educacion-fisica","tag-futebol-de-ciegos-2"],"_links":{"self":[{"href":"https:\/\/edufis.ubiobio.cl\/index.php\/wp-json\/wp\/v2\/posts\/616","targetHints":{"allow":["GET"]}}],"collection":[{"href":"https:\/\/edufis.ubiobio.cl\/index.php\/wp-json\/wp\/v2\/posts"}],"about":[{"href":"https:\/\/edufis.ubiobio.cl\/index.php\/wp-json\/wp\/v2\/types\/post"}],"author":[{"embeddable":true,"href":"https:\/\/edufis.ubiobio.cl\/index.php\/wp-json\/wp\/v2\/users\/2"}],"replies":[{"embeddable":true,"href":"https:\/\/edufis.ubiobio.cl\/index.php\/wp-json\/wp\/v2\/comments?post=616"}],"version-history":[{"count":10,"href":"https:\/\/edufis.ubiobio.cl\/index.php\/wp-json\/wp\/v2\/posts\/616\/revisions"}],"predecessor-version":[{"id":626,"href":"https:\/\/edufis.ubiobio.cl\/index.php\/wp-json\/wp\/v2\/posts\/616\/revisions\/626"}],"wp:featuredmedia":[{"embeddable":true,"href":"https:\/\/edufis.ubiobio.cl\/index.php\/wp-json\/wp\/v2\/media\/612"}],"wp:attachment":[{"href":"https:\/\/edufis.ubiobio.cl\/index.php\/wp-json\/wp\/v2\/media?parent=616"}],"wp:term":[{"taxonomy":"category","embeddable":true,"href":"https:\/\/edufis.ubiobio.cl\/index.php\/wp-json\/wp\/v2\/categories?post=616"},{"taxonomy":"post_tag","embeddable":true,"href":"https:\/\/edufis.ubiobio.cl\/index.php\/wp-json\/wp\/v2\/tags?post=616"}],"curies":[{"name":"wp","href":"https:\/\/api.w.org\/{rel}","templated":true}]}}