{"id":645,"date":"2022-10-27T19:42:37","date_gmt":"2022-10-27T19:42:37","guid":{"rendered":"http:\/\/edufis.ubiobio.cl\/?p=645"},"modified":"2022-10-27T19:47:59","modified_gmt":"2022-10-27T19:47:59","slug":"escuela-de-educacion-fisica-sera-el-anfitrion-de-1-congreso-sudamericano-de-actividad-fisica-adaptada","status":"publish","type":"post","link":"https:\/\/edufis.ubiobio.cl\/index.php\/2022\/10\/27\/escuela-de-educacion-fisica-sera-el-anfitrion-de-1-congreso-sudamericano-de-actividad-fisica-adaptada\/","title":{"rendered":"Escuela de Educaci\u00f3n F\u00edsica ser\u00e1 el anfitri\u00f3n de.   \u00a0\u00a01\u00b0 CONGRESO SUDAMERICANO DE ACTIVIDAD F\u00cdSICA ADAPTADA"},"content":{"rendered":"\n<p><strong>Autor :<\/strong>&nbsp;Luis Felipe C.C. de Campos&nbsp;&nbsp;&nbsp;&nbsp;&nbsp;&nbsp;&nbsp;&nbsp;&nbsp;&nbsp;&nbsp;&nbsp;&nbsp;&nbsp;&nbsp;&nbsp;&nbsp;&nbsp;&nbsp;&nbsp;&nbsp;&nbsp;&nbsp;&nbsp;<\/p>\n\n\n\n<h2 class=\"wp-block-heading\">Estamos vivenciando un momento hist\u00f3rico en nuestra regi\u00f3n.&nbsp;<\/h2>\n\n\n\n<p>Por primera vez se organiza el Congreso Sudamericano de Actividad F\u00edsica Adaptada (<strong>COSUAFA 2022) con<\/strong> el objetivo de promover, facilitar y coordinar la cooperaci\u00f3n en toda Sudam\u00e9rica en investigaci\u00f3n, preparaci\u00f3n profesional, prestaci\u00f3n de servicios y promoci\u00f3n de la Actividad F\u00edsica Adaptada para personas en situaci\u00f3n de discapacidad, como un derecho en la sociedad contempor\u00e1nea.<\/p>\n\n\n\n<p>El COSUAFA 2022 constituye un importante momento de debate, reflexi\u00f3n y enriquecimiento profesional y personal. Ser\u00e1n discutidos temas relacionados&nbsp;a la promoci\u00f3n y desarrollo de la&nbsp;Educaci\u00f3n F\u00edsica Inclusiva, la Actividad F\u00edsica y Ejercicio F\u00edsico para la Salud y Rehabilitaci\u00f3n de personas en situaci\u00f3n de discapacidad, procesos de Ense\u00f1anza-Aprendizaje del Para-deporte, considerando sus aspectos biopsicosociales y Alto Rendimiento.&nbsp;<\/p>\n\n\n\n<p>Pensando en el potencial de nuestra regi\u00f3n y pa\u00eds, invitamos acad\u00e9micos con vasta experiencia profesional en el \u00e1rea de Actividad F\u00edsica Adaptada de Chile, Brasil, Colombia, Per\u00fa y Estados Unidos, que estar\u00e1n compartiendo informaciones relevantes y actualizadas, a trav\u00e9s de ponencias, mesas redondas y talleres pr\u00e1cticos.<\/p>\n\n\n\n<p>La carrera de Pedagog\u00eda en Educaci\u00f3n F\u00edsica, el Departamento de Ciencias de la Educaci\u00f3n y la Facultad de Educaci\u00f3n y Humanidades de la Universidad del B\u00edo-B\u00edo, juntamente con la Federaci\u00f3n Sudamericana de Actividad F\u00edsica Adaptada \u2013 FeSAFA y todos apoyadores, tienen el agrado de invitarte a sumarse en esa iniciativa.<\/p>\n\n\n\n<figure class=\"wp-block-image size-large is-resized\"><img fetchpriority=\"high\" decoding=\"async\" src=\"http:\/\/edufis.ubiobio.cl\/wp-content\/uploads\/2022\/09\/ANCLA-02-1576x2048-1-788x1024.jpg\" alt=\"\" class=\"wp-image-642\" width=\"520\" height=\"676\" srcset=\"https:\/\/edufis.ubiobio.cl\/wp-content\/uploads\/2022\/09\/ANCLA-02-1576x2048-1-788x1024.jpg 788w, https:\/\/edufis.ubiobio.cl\/wp-content\/uploads\/2022\/09\/ANCLA-02-1576x2048-1-231x300.jpg 231w, https:\/\/edufis.ubiobio.cl\/wp-content\/uploads\/2022\/09\/ANCLA-02-1576x2048-1-768x998.jpg 768w, https:\/\/edufis.ubiobio.cl\/wp-content\/uploads\/2022\/09\/ANCLA-02-1576x2048-1-1182x1536.jpg 1182w, https:\/\/edufis.ubiobio.cl\/wp-content\/uploads\/2022\/09\/ANCLA-02-1576x2048-1-1320x1715.jpg 1320w, https:\/\/edufis.ubiobio.cl\/wp-content\/uploads\/2022\/09\/ANCLA-02-1576x2048-1.jpg 1576w\" sizes=\"(max-width: 520px) 100vw, 520px\" \/><\/figure>\n\n\n\n<p>\u00a1Es momento de unir esfuerzos por una regi\u00f3n m\u00e1s reflexiva, empoderada, colaborativa y fortalecida!<\/p>\n\n\n\n<p>\u00a1Nos vemos en Chill\u00e1n!<\/p>\n\n\n\n<figure class=\"wp-block-image size-full\"><img decoding=\"async\" width=\"212\" height=\"300\" src=\"http:\/\/edufis.ubiobio.cl\/wp-content\/uploads\/2022\/09\/WhatsApp-Image-2022-08-23-at-4.38.06-PM-1-212x300-1.jpg\" alt=\"\" class=\"wp-image-643\"\/><\/figure>\n\n\n\n<p class=\"has-small-font-size\">Prof. Dr. Luis Felipe Castelli Correia de Campos<\/p>\n\n\n\n<p class=\"has-small-font-size\">Director Ejecutivo \u2013 FESAFA Presidente COSUAFA 2022<\/p>\n\n\n\n<p class=\"has-small-font-size\">Universidad del B\u00edo-B\u00edo<\/p>\n","protected":false},"excerpt":{"rendered":"<p>Autor :&nbsp;Luis Felipe C.C. de Campos&nbsp;&nbsp;&nbsp;&nbsp;&nbsp;&nbsp;&nbsp;&nbsp;&nbsp;&nbsp;&nbsp;&nbsp;&nbsp;&nbsp;&nbsp;&nbsp;&nbsp;&nbsp;&nbsp;&nbsp;&nbsp;&nbsp;&nbsp;&nbsp; Estamos vivenciando un momento hist\u00f3rico en nuestra regi\u00f3n.&nbsp; Por primera vez se organiza el Congreso Sudamericano de Actividad F\u00edsica Adaptada (COSUAFA 2022) con el objetivo de promover, facilitar y coordinar la cooperaci\u00f3n en toda Sudam\u00e9rica en investigaci\u00f3n, preparaci\u00f3n profesional, prestaci\u00f3n de servicios y promoci\u00f3n de la Actividad F\u00edsica Adaptada &hellip; <\/p>\n<p class=\"link-more\"><a href=\"https:\/\/edufis.ubiobio.cl\/index.php\/2022\/10\/27\/escuela-de-educacion-fisica-sera-el-anfitrion-de-1-congreso-sudamericano-de-actividad-fisica-adaptada\/\" class=\"more-link\">Read more<span class=\"screen-reader-text\"> &#8220;Escuela de Educaci\u00f3n F\u00edsica ser\u00e1 el anfitri\u00f3n de.   \u00a0\u00a01\u00b0 CONGRESO SUDAMERICANO DE ACTIVIDAD F\u00cdSICA ADAPTADA&#8221;<\/span><\/a><\/p>\n","protected":false},"author":2,"featured_media":647,"comment_status":"closed","ping_status":"closed","sticky":false,"template":"","format":"standard","meta":{"_eb_attr":"","footnotes":""},"categories":[4],"tags":[],"class_list":["post-645","post","type-post","status-publish","format-standard","has-post-thumbnail","hentry","category-noticias"],"_links":{"self":[{"href":"https:\/\/edufis.ubiobio.cl\/index.php\/wp-json\/wp\/v2\/posts\/645","targetHints":{"allow":["GET"]}}],"collection":[{"href":"https:\/\/edufis.ubiobio.cl\/index.php\/wp-json\/wp\/v2\/posts"}],"about":[{"href":"https:\/\/edufis.ubiobio.cl\/index.php\/wp-json\/wp\/v2\/types\/post"}],"author":[{"embeddable":true,"href":"https:\/\/edufis.ubiobio.cl\/index.php\/wp-json\/wp\/v2\/users\/2"}],"replies":[{"embeddable":true,"href":"https:\/\/edufis.ubiobio.cl\/index.php\/wp-json\/wp\/v2\/comments?post=645"}],"version-history":[{"count":2,"href":"https:\/\/edufis.ubiobio.cl\/index.php\/wp-json\/wp\/v2\/posts\/645\/revisions"}],"predecessor-version":[{"id":661,"href":"https:\/\/edufis.ubiobio.cl\/index.php\/wp-json\/wp\/v2\/posts\/645\/revisions\/661"}],"wp:featuredmedia":[{"embeddable":true,"href":"https:\/\/edufis.ubiobio.cl\/index.php\/wp-json\/wp\/v2\/media\/647"}],"wp:attachment":[{"href":"https:\/\/edufis.ubiobio.cl\/index.php\/wp-json\/wp\/v2\/media?parent=645"}],"wp:term":[{"taxonomy":"category","embeddable":true,"href":"https:\/\/edufis.ubiobio.cl\/index.php\/wp-json\/wp\/v2\/categories?post=645"},{"taxonomy":"post_tag","embeddable":true,"href":"https:\/\/edufis.ubiobio.cl\/index.php\/wp-json\/wp\/v2\/tags?post=645"}],"curies":[{"name":"wp","href":"https:\/\/api.w.org\/{rel}","templated":true}]}}