{"id":720,"date":"2022-11-17T10:38:32","date_gmt":"2022-11-17T10:38:32","guid":{"rendered":"http:\/\/edufis.ubiobio.cl\/?p=720"},"modified":"2023-03-12T20:22:01","modified_gmt":"2023-03-12T20:22:01","slug":"profesor-jaime-pacheco-dicto-cuso-de-defensa-personal-para-mujeres","status":"publish","type":"post","link":"https:\/\/edufis.ubiobio.cl\/index.php\/2022\/11\/17\/profesor-jaime-pacheco-dicto-cuso-de-defensa-personal-para-mujeres\/","title":{"rendered":"Profesor Jaime Pacheco dict\u00f3 curso de defensa personal para mujeres"},"content":{"rendered":"\n<p><strong>Autor :<\/strong> Jaime Pacheco &nbsp;&nbsp;&nbsp;&nbsp;&nbsp;&nbsp;&nbsp;&nbsp;&nbsp;&nbsp;<\/p>\n\n\n\n<p><strong>Fotos:<\/strong> Paola Sald\u00edas&nbsp;&nbsp;&nbsp;&nbsp;&nbsp;&nbsp;&nbsp;&nbsp;&nbsp;&nbsp;&nbsp;&nbsp;&nbsp;&nbsp;&nbsp;&nbsp;&nbsp;&nbsp;&nbsp;&nbsp;&nbsp;&nbsp;&nbsp;&nbsp;&nbsp;&nbsp;&nbsp;&nbsp;&nbsp;&nbsp;&nbsp;&nbsp;&nbsp;&nbsp;&nbsp;&nbsp;&nbsp;&nbsp;&nbsp;&nbsp;&nbsp;&nbsp;&nbsp;&nbsp;&nbsp;&nbsp;&nbsp;&nbsp;&nbsp;&nbsp;<\/p>\n\n\n\n<hr class=\"wp-block-separator has-alpha-channel-opacity\"\/>\n\n\n\n<p><a id=\"_msocom_1\"><\/a>El d\u00eda 12 de octubre en el campus Fernando May y el d\u00eda 14 en el campus La Castilla, se desarrollaron dos talleres de defensa personal femenino, orientado exclusivamente para mujeres de primer a\u00f1o, de todas las carreas de la sede Chill\u00e1n. Dicha actividad estuvo dirigida por el acad\u00e9mico de nuestra escuela Jaime Pacheco y los contenidos tratados estuvieron relacionados con estrategias de autodefensa ante posibles ataques que en forma espec\u00edfica sufren las mujeres, tales como robos o ataques de connotaci\u00f3n sexual. La actividad fue organizada por la subdirecci\u00f3n de desarrollo estudiantil.<\/p>\n\n\n\n<figure class=\"wp-block-gallery has-nested-images columns-default is-cropped wp-block-gallery-1 is-layout-flex wp-block-gallery-is-layout-flex\">\n<figure class=\"wp-block-image size-full is-style-default\"><img fetchpriority=\"high\" decoding=\"async\" width=\"295\" height=\"393\" data-id=\"729\" src=\"http:\/\/edufis.ubiobio.cl\/wp-content\/uploads\/2022\/11\/Imagen1-1-edited.jpg\" alt=\"Im\u00e1genes de los talleres de defensa personal femenino\" class=\"wp-image-729\" srcset=\"https:\/\/edufis.ubiobio.cl\/wp-content\/uploads\/2022\/11\/Imagen1-1-edited.jpg 295w, https:\/\/edufis.ubiobio.cl\/wp-content\/uploads\/2022\/11\/Imagen1-1-edited-225x300.jpg 225w\" sizes=\"(max-width: 295px) 100vw, 295px\" \/><\/figure>\n<\/figure>\n","protected":false},"excerpt":{"rendered":"<p>Autor : Jaime Pacheco &nbsp;&nbsp;&nbsp;&nbsp;&nbsp;&nbsp;&nbsp;&nbsp;&nbsp;&nbsp; Fotos: Paola Sald\u00edas&nbsp;&nbsp;&nbsp;&nbsp;&nbsp;&nbsp;&nbsp;&nbsp;&nbsp;&nbsp;&nbsp;&nbsp;&nbsp;&nbsp;&nbsp;&nbsp;&nbsp;&nbsp;&nbsp;&nbsp;&nbsp;&nbsp;&nbsp;&nbsp;&nbsp;&nbsp;&nbsp;&nbsp;&nbsp;&nbsp;&nbsp;&nbsp;&nbsp;&nbsp;&nbsp;&nbsp;&nbsp;&nbsp;&nbsp;&nbsp;&nbsp;&nbsp;&nbsp;&nbsp;&nbsp;&nbsp;&nbsp;&nbsp;&nbsp;&nbsp; El d\u00eda 12 de octubre en el campus Fernando May y el d\u00eda 14 en el campus La Castilla, se desarrollaron dos talleres de defensa personal femenino, orientado exclusivamente para mujeres de primer a\u00f1o, de todas las carreas de la sede Chill\u00e1n. Dicha actividad estuvo dirigida por &hellip; <\/p>\n<p class=\"link-more\"><a href=\"https:\/\/edufis.ubiobio.cl\/index.php\/2022\/11\/17\/profesor-jaime-pacheco-dicto-cuso-de-defensa-personal-para-mujeres\/\" class=\"more-link\">Read more<span class=\"screen-reader-text\"> &#8220;Profesor Jaime Pacheco dict\u00f3 curso de defensa personal para mujeres&#8221;<\/span><\/a><\/p>\n","protected":false},"author":2,"featured_media":723,"comment_status":"closed","ping_status":"closed","sticky":true,"template":"","format":"standard","meta":{"_eb_attr":"","footnotes":""},"categories":[4],"tags":[7,17],"class_list":["post-720","post","type-post","status-publish","format-standard","has-post-thumbnail","hentry","category-noticias","tag-educacion-fisica","tag-taller"],"_links":{"self":[{"href":"https:\/\/edufis.ubiobio.cl\/index.php\/wp-json\/wp\/v2\/posts\/720","targetHints":{"allow":["GET"]}}],"collection":[{"href":"https:\/\/edufis.ubiobio.cl\/index.php\/wp-json\/wp\/v2\/posts"}],"about":[{"href":"https:\/\/edufis.ubiobio.cl\/index.php\/wp-json\/wp\/v2\/types\/post"}],"author":[{"embeddable":true,"href":"https:\/\/edufis.ubiobio.cl\/index.php\/wp-json\/wp\/v2\/users\/2"}],"replies":[{"embeddable":true,"href":"https:\/\/edufis.ubiobio.cl\/index.php\/wp-json\/wp\/v2\/comments?post=720"}],"version-history":[{"count":6,"href":"https:\/\/edufis.ubiobio.cl\/index.php\/wp-json\/wp\/v2\/posts\/720\/revisions"}],"predecessor-version":[{"id":1231,"href":"https:\/\/edufis.ubiobio.cl\/index.php\/wp-json\/wp\/v2\/posts\/720\/revisions\/1231"}],"wp:featuredmedia":[{"embeddable":true,"href":"https:\/\/edufis.ubiobio.cl\/index.php\/wp-json\/wp\/v2\/media\/723"}],"wp:attachment":[{"href":"https:\/\/edufis.ubiobio.cl\/index.php\/wp-json\/wp\/v2\/media?parent=720"}],"wp:term":[{"taxonomy":"category","embeddable":true,"href":"https:\/\/edufis.ubiobio.cl\/index.php\/wp-json\/wp\/v2\/categories?post=720"},{"taxonomy":"post_tag","embeddable":true,"href":"https:\/\/edufis.ubiobio.cl\/index.php\/wp-json\/wp\/v2\/tags?post=720"}],"curies":[{"name":"wp","href":"https:\/\/api.w.org\/{rel}","templated":true}]}}